{"id":6884,"date":"2018-04-04T14:44:05","date_gmt":"2018-04-04T12:44:05","guid":{"rendered":"https:\/\/www.pronal.com\/?p=6884"},"modified":"2020-09-09T14:56:02","modified_gmt":"2020-09-09T12:56:02","slug":"retour-sur-la-visite-du-premier-ministre-edouard-philippe-chez-pronal","status":"publish","type":"post","link":"https:\/\/www.pronal.com\/en\/retour-sur-la-visite-du-premier-ministre-edouard-philippe-chez-pronal\/","title":{"rendered":"Retour sur la visite du Premier Ministre Edouard Philippe chez Pronal\u2026"},"content":{"rendered":"<div class=\"wpb-content-wrapper\"><p>[vc_row][vc_column][vc_column_text]Voil\u00e0\u00a0 d\u00e9j\u00e0 1 mois que <strong><span style=\"color: #00a7e1;\">Monsieur le Premier Ministre Edouard Philippe<\/span><\/strong>, accompagn\u00e9 de <strong><span style=\"color: #00a7e1;\">G\u00e9rald Darmanin<\/span><\/strong> et <span style=\"color: #00a7e1;\"><strong>Jacques M\u00e9zard<\/strong><\/span>, poussait les portes de notre entreprise dans le cadre de son redressement de l\u2019exportation fran\u00e7aise. Si cet \u00e9v\u00e9nement a fait beaucoup de bruits et que nous sentons encore l\u2019\u00e9motion et la fiert\u00e9 dans le c\u0153ur de nos coll\u00e8gues, pouvons nous dire que cette visite a fait bouger les choses ? J\u2019ai men\u00e9 ma petite enqu\u00eate !<\/p>\n<p>Apr\u00e8s un petit caf\u00e9 pour me mettre dans le bain du travail, je me munis de mon carnet et de mon stylo f\u00e9tiche afin de rentrer totalement dans mon personnage, ne manque plus que la casquette et la loupe. L\u2019interview n\u2019attend pas, je gravis quatre \u00e0 quatre les escaliers qui m\u00e8nent au plus haut bureau de la plus haute tour afin de rejoindre <strong><span style=\"color: #00a7e1;\">Monsieur Despatures, PDG de la soci\u00e9t\u00e9 Pronal<\/span><\/strong>.[\/vc_column_text][\/vc_column][\/vc_row][vc_row content_placement=&#8221;middle&#8221;][vc_column width=&#8221;1\/2&#8243;][vc_single_image image=&#8221;6835&#8243; img_size=&#8221;large&#8221;][vc_single_image image=&#8221;6841&#8243; img_size=&#8221;large&#8221;][\/vc_column][vc_column width=&#8221;1\/2&#8243;][vc_column_text]<\/p>\n<h2><span style=\"font-size: 14pt;\">Interview du PDG de Pronal apr\u00e8s la visite de Premier Ministre Edouard Philippe<\/span><\/h2>\n<p>[\/vc_column_text][vc_column_text]<strong><em>Moi, (service marketing) <\/em>:<\/strong> Qu\u2019est ce que \u00e7a vous a inspir\u00e9 cette visite du Premier ministre\u00a0?\u00a0Qu\u2019est ce que \u00e7a vous a fait en tant que PDG mais aussi en tant que personne\u00a0?<\/p>\n<p><span style=\"color: #00a7e1;\"><strong>M.Despatures\u00a0:<\/strong><\/span> Je ne vais pas dire que je r\u00eavais de cette visite mais je me disais depuis un certain temps que \u00e7a serait super de recevoir une personne \u00ab c\u00e9l\u00e8bre \u00bb pour mettre en valeur Pronal et partager notre projet entreprise. Cela s\u2019est r\u00e9alis\u00e9 avec le PM accompagn\u00e9 de trois ministres, on ne pouvait r\u00eaver mieux ! J\u2019ai \u00e9norm\u00e9ment appr\u00e9ci\u00e9 l\u2019effervescence des \u00e9quipes dans cette pr\u00e9paration, il ne fallait rien oubli\u00e9 et cela a \u00e9t\u00e9 une vraie victoire dont nous nous souviendrons tous longtemps.<\/p>\n<p><em><strong>Moi :<\/strong><\/em> Pr\u00e9voyez-vous du changement\u00a0apr\u00e8s cet \u00e9v\u00e9nement\u00a0? Avez-vous modifi\u00e9 ou ajout\u00e9 des ambitions pour Pronal\u00a0?<\/p>\n<p><span style=\"color: #00a7e1;\"><strong>M.Despatures\u00a0:<\/strong><\/span> Nous avons d\u00e9j\u00e0 entrepris et r\u00e9alis\u00e9 pas mal de changements depuis deux ans \u00e0 travers le projet \u00ab\u00a0oser pour bouger\u00a0\u00bb et maintenant \u00ab\u00a0bouger pour se transformer\u00a0\u00bb\u00a0; cette visite n\u2019est pas la fin d\u2019un cycle, bien au contraire cela nous a d\u00e9montr\u00e9 qu\u2019il fallait continuer et la visite du PM a \u00e9t\u00e9 un message d\u2019encouragement et de f\u00e9licitations \u00e0 l\u2019ensemble des \u00e9quipes. Nous devons poursuivre dans cette dynamique pour atteindre la vision que nous nous sommes donn\u00e9s.<\/p>\n<p><em><strong>Moi :<\/strong> <\/em>Vous pouvez me le dire, comptez vous refaire un \u00e9v\u00e9nement de ce genre dans les ann\u00e9es, les mois \u00e0 venir\u00a0?<\/p>\n<p><span style=\"color: #00a7e1;\"><strong>M.Despatures\u00a0:<\/strong><\/span> Pas tous les mois ! Il faut aussi consacrer du temps pour nos clients. Mais oui, c\u2019est important d\u2019\u00eatre ouvert sur l\u2019ext\u00e9rieur et parler de ce que nous faisons, il faut saisir toutes les occasions. Non seulement, la notori\u00e9t\u00e9 de Pronal augmente mais la communication avec l\u2019ext\u00e9rieur nous permet de prendre le recul n\u00e9cessaire pour bien r\u00e9fl\u00e9chir, d\u00e9couvrir de nouvelles opportunit\u00e9s, prendre les bonnes d\u00e9cisions ; <span style=\"text-decoration: underline;\"><em>c\u2019est de cette mani\u00e8re qu\u2019il faut conduire l\u2019entreprise pour la transformer et l\u2019adapter au monde de demain<\/em><\/span>.[\/vc_column_text][\/vc_column][\/vc_row][vc_row][vc_column][vc_separator][\/vc_column][\/vc_row][vc_row][vc_column][vc_column_text]On en sait un peu plus c\u00f4t\u00e9 administration mais c\u00f4t\u00e9 production, qu\u2019est ce que \u00e7a donne\u00a0? Je cours, que dis je, je vole vers le c\u0153ur de l\u2019entreprise, Ici, les bruits des machines de productions, le jargon technique lanc\u00e9 par les employ\u00e9s et les odeurs des textiles utilis\u00e9s ne me trompent pas, je sais que nous sommes arriv\u00e9s \u00e0 destination, d\u00e8s lors que les portes sont entre-ouvertes. Ici, tout le monde o\u00f9 presque a pu approcher la d\u00e9l\u00e9gation minist\u00e9rielle, notamment au laboratoire, et qui dit laboratoire dit <strong><span style=\"color: #00a7e1;\">Sandrine Wesse<\/span><\/strong>.[\/vc_column_text][\/vc_column][\/vc_row][vc_row content_placement=&#8221;middle&#8221;][vc_column width=&#8221;1\/2&#8243;][vc_column_text]<\/p>\n<h2><span style=\"font-size: 14pt;\">Interview de Sandrine apr\u00e8s la visite du Premier Ministre Edouard Philippe<\/span><\/h2>\n<p>[\/vc_column_text][vc_column_text]<strong><em>Moi, (service marketing)<\/em> :<\/strong> Tu as trouv\u00e9 que le Premier Ministre s\u2019int\u00e9ressait \u00e0 ce que tu faisais ? \u00c7a t\u2019a fait quoi personnellement et professionnellement ?<\/p>\n<p><span style=\"color: #00a7e1;\"><strong>Sandrine\u00a0:<\/strong><\/span> Oui, le Premier Ministre \u00e9tait tr\u00e8s int\u00e9ress\u00e9 par notre pr\u00e9sentation technique, que ce soit celle de <strong>Julien J. (chef de projets)<\/strong>, de <strong>Julien Forestier (chef de projets)<\/strong> ou la mienne. Ses questions ainsi que celles de <strong>M Le Drian<\/strong> \u00e9taient pertinentes. Personnellement, \u00a0j\u2019\u00e9tais tr\u00e8s stress\u00e9e\u00a0et je pense avoir oubli\u00e9 la moiti\u00e9 de ce que je souhaitais dire\u00a0!! Cette prise de parole devant le premier ministre et sous l\u2019\u0153il\u00a0des journalistes \u00e9tait impressionnante\u00a0! Mais professionnellement, c\u2019\u00e9tait un bon exercice et cela valorise notre m\u00e9tier et notre travail de tous les jours.<\/p>\n<p><em><strong>Moi :<\/strong><\/em> Tu as vu du changement apr\u00e8s son passage\u00a0au sein de la boite\u00a0? Du changement chez les coll\u00e8gues\u00a0?<\/p>\n<p><span style=\"color: #00a7e1;\"><strong>Sandrine\u00a0:<\/strong><\/span> Du changement j\u2019en ai vu avant son passage, dans la pr\u00e9paration de sa visite, dans nos r\u00e9p\u00e9titions \u00e0 trois puis devant d\u2019autres coll\u00e8gues pour avoir des avis et parfaire nos pr\u00e9sentations ! J\u2019en ai vu aussi pendant : nous \u00e9tions tous \u00e9nerv\u00e9s et attentifs aux r\u00e9actions des ministres, pour finir un peu h\u00e9b\u00e9t\u00e9s apr\u00e8s leurs d\u00e9parts, rassembl\u00e9s devant le r\u00e9servoir et impressionn\u00e9s par ce que nous venions de vivre ensemble. Quelque soit le service, nous avions v\u00e9cu la m\u00eame chose et ce partage me semble tr\u00e8s important. Je pense que cette visite nous a grandi en tant que groupe, a renforc\u00e9 nos liens et a contribu\u00e9 \u00e0 nous rendre encore plus fiers de notre entreprise.<\/p>\n<p><em><strong>Moi :<\/strong> <\/em>Tu voudrais voir plus d\u2019\u00e9v\u00e9nements de ce genre chez Pronal\u00a0? Pourquoi\u00a0?<\/p>\n<p><span style=\"color: #00a7e1;\"><strong>Sandrine\u00a0:<\/strong><\/span> Heu .. pas trop souvent, il faut avoir piti\u00e9 de nos nerfs \u00a0!! \u00a0J\u2019avoue que j\u2019\u00e9tais r\u00e9ticente au d\u00e9part car tr\u00e8s (trop\u00a0!?) stress\u00e9e mais le bilan est positif (y compris dans le rangement de nos espaces de travail\u00a0!). Donc oui, je trouve que ce type d\u2019\u00e9v\u00e9nement doit \u00eatre d\u00e9velopp\u00e9 chez Pronal pour nous bousculer dans notre quotidien et renforcer nos liens entre Pronaliens tout en contribuant \u00e0 rendre notre entreprise visible \u00e0 l\u2019ext\u00e9rieur.[\/vc_column_text][\/vc_column][vc_column width=&#8221;1\/2&#8243;][vc_single_image image=&#8221;6847&#8243; img_size=&#8221;large&#8221;][vc_single_image image=&#8221;6852&#8243; img_size=&#8221;large&#8221;][\/vc_column][\/vc_row][vc_row][vc_column][vc_separator][\/vc_column][\/vc_row][vc_row][vc_column][vc_column_text]C\u2019est en remerciant Sandrine et en repartant vers mon bureau que je me demande si le service commercial n\u2019a pas non plus son mot \u00e0 dire dans cette histoire. Les commerciaux itin\u00e9rants ont \u00e9t\u00e9 le jour J plus qu\u2019heureux d\u2019accueillir le premier ministre, qu\u2019en est-il apr\u00e8s son d\u00e9part\u00a0? Quoi de mieux que d\u2019avoir <span style=\"color: #00a7e1;\"><strong>Fran\u00e7ois Berteloot, responsable zone export<\/strong><\/span>, pour une petite interview\u00a0![\/vc_column_text][\/vc_column][\/vc_row][vc_row content_placement=&#8221;middle&#8221;][vc_column width=&#8221;1\/2&#8243;][vc_column_text]<\/p>\n<h2><span style=\"font-size: 14pt;\">Interview de Fran\u00e7ois Berteloot apr\u00e8s la visite du Premier Ministre Edouard Philippe<\/span><\/h2>\n<p>[\/vc_column_text][vc_column_text]<em><strong>Moi, (service marketing) :<\/strong><\/em> \u00c7a t\u2019a fait quoi \u00e0 toi, que le Premier Ministre vienne chez Pronal ? Tu as senti qu\u2019il s\u2019int\u00e9ressait \u00e0 ton travail et \u00e0 ce que faisait Pronal ?<\/p>\n<p><span style=\"color: #00a7e1;\"><strong>Fran\u00e7ois\u00a0:<\/strong><\/span> Ce fut un grand honneur pour Pronal mais aussi pour les \u00e9quipes\u00a0! Quoi de plus gratifiant que d\u2019avoir le n\u00b0 2 du gouvernement Fran\u00e7ais qui bloque 2 heures sur son agenda pour venir nous rendre visite, faire le tour de notre usine et de notre showroom pour comprendre nos produits &amp; nos process\u00a0? Pour ceux qui comme pour moi ont pu \u00e9changer directement avec Edouard Philippe, c\u2019est avant tout quelque chose qui n\u2019arrivera pas 2 fois dans une vie, mais aussi une belle reconnaissance de la part de l\u2019entreprise de laisser entre nos mains une partie de son savoir faire et de son histoire\u00a0\u00e0 mettre en avant !<\/p>\n<p><em><strong>Moi :<\/strong> <\/em>Tu as ressentit un changement apr\u00e8s son passage\u00a0au sein de la boite\u00a0? Du changement chez les coll\u00e8gues\u00a0? Moral ou physique\u00a0?<\/p>\n<p><span style=\"color: #00a7e1;\"><strong>Fran\u00e7ois\u00a0:<\/strong> <\/span>D\u00e9j\u00e0 avant son passage, un engouement g\u00e9n\u00e9ral a \u00e9t\u00e9 ressenti au sein des \u00e9quipes Pronal\u00a0: on accueille MR le premier ministre\u00a0! Il faut que tout soit nickel, encore plus clean que d\u2019habitude\u00a0! Tout le monde a mis la main \u00e0 la p\u00e2te, de pr\u00e8s comme de loin, et c\u2019est top pour la coh\u00e9sion. Ensuite, depuis la venue d\u2019Edouard Philippe, qui n\u2019est pas fier de montrer sa photo avec Mr le premier ministre\u00a0? qui n\u2019a pas dit dans son entourage \u2018j\u2019ai serr\u00e9 la main d\u2019Edouard Philippe\u00a0\u00bb Bref\u2026 que du positif\u00a0! Un bel \u00a0\u00e9l\u00e9ment de motivation\u00a0!<\/p>\n<p><em><strong>Moi :<\/strong> <\/em>Tu voudrais voir plus d\u2019\u00e9v\u00e9nements de ce genre chez Pronal\u00a0? Pourquoi\u00a0?<\/p>\n<p><span style=\"color: #00a7e1;\"><strong>Fran\u00e7ois :<\/strong> <\/span>C\u2019est toujours int\u00e9ressant de pr\u00e9senter son entreprise, son savoir faire, mais aussi son propre m\u00e9tier, son quotidien ! Un ministre, un client, un membre de nos familles, tout le monde est bienvenue chez Pronal ! Sur des produits &amp; march\u00e9s aussi techniques, il est important de voir les choses pour les comprendre.[\/vc_column_text][\/vc_column][vc_column width=&#8221;1\/2&#8243;][vc_single_image image=&#8221;6862&#8243; img_size=&#8221;large&#8221;][vc_single_image image=&#8221;6867&#8243; img_size=&#8221;large&#8221;][\/vc_column][\/vc_row][vc_row][vc_column][vc_column_text]Cette visite du Premier Ministre a donc motiv\u00e9 nos troupes et a cr\u00e9\u00e9 l\u2019envie de nous surpasser, de continuer dans cette dynamique que nous venions de mettre en \u0153uvre \u00e0 travers nos mouvement interne <strong>\u00ab\u00a0oser pour bouger\u00a0\u00bb<\/strong> et <strong>\u00ab\u00a0bouger pour se transformer\u00a0\u00bb<\/strong>. Nous sommes nombreux \u00e0 dire que nous sommes sur la bonne voie et je terminerais par cette citation \u00ab\u00a0Le cerveau se nourrit du changement et se d\u00e9truit de la routine\u00a0\u00bb.[\/vc_column_text][\/vc_column][\/vc_row]<\/p>\n<\/div>","protected":false},"excerpt":{"rendered":"<p>[vc_row][vc_column][vc_column_text]Voil\u00e0\u00a0 d\u00e9j\u00e0 1 mois que Monsieur le Premier Ministre Edouard Philippe, accompagn\u00e9 de G\u00e9rald Darmanin et Jacques M\u00e9zard, poussait les portes de notre entreprise dans le cadre de son redressement&#8230;<\/p>\n","protected":false},"author":3,"featured_media":6880,"comment_status":"closed","ping_status":"closed","sticky":false,"template":"","format":"standard","meta":{"_acf_changed":false,"inline_featured_image":false,"footnotes":""},"categories":[124],"tags":[],"class_list":["post-6884","post","type-post","status-publish","format-standard","has-post-thumbnail","hentry","category-corporate-life-csr"],"acf":[],"yoast_head":"<!-- This site is optimized with the Yoast SEO plugin v25.8 - https:\/\/yoast.com\/wordpress\/plugins\/seo\/ -->\n<title>Retour sur la visite du Premier Ministre Edouard Philippe | Pronal<\/title>\n<meta name=\"description\" content=\"Il y a 1 mois, Monsieur le Premier Ministre Edouard Philippe poussait les portes de notre entreprise. Retour sur cet \u00e9v\u00e9nement !\" \/>\n<meta name=\"robots\" content=\"index, follow, max-snippet:-1, max-image-preview:large, max-video-preview:-1\" \/>\n<link rel=\"canonical\" href=\"https:\/\/www.pronal.com\/en\/retour-sur-la-visite-du-premier-ministre-edouard-philippe-chez-pronal\/\" \/>\n<meta property=\"og:locale\" content=\"en_US\" \/>\n<meta property=\"og:type\" content=\"article\" \/>\n<meta property=\"og:title\" content=\"Retour sur la visite du Premier Ministre Edouard Philippe | Pronal\" \/>\n<meta property=\"og:description\" content=\"Il y a 1 mois, Monsieur le Premier Ministre Edouard Philippe poussait les portes de notre entreprise. Retour sur cet \u00e9v\u00e9nement !\" \/>\n<meta property=\"og:url\" content=\"https:\/\/www.pronal.com\/en\/retour-sur-la-visite-du-premier-ministre-edouard-philippe-chez-pronal\/\" \/>\n<meta property=\"og:site_name\" content=\"Pronal - Conception et fabrication de structure flexible\" \/>\n<meta property=\"article:published_time\" content=\"2018-04-04T12:44:05+00:00\" \/>\n<meta property=\"article:modified_time\" content=\"2020-09-09T12:56:02+00:00\" \/>\n<meta property=\"og:image\" content=\"https:\/\/www.pronal.com\/wp-content\/uploads\/2018\/04\/PM3-1.jpg\" \/>\n\t<meta property=\"og:image:width\" content=\"930\" \/>\n\t<meta property=\"og:image:height\" content=\"400\" \/>\n\t<meta property=\"og:image:type\" content=\"image\/jpeg\" \/>\n<meta name=\"author\" content=\"C\u00e9dric EHRHART\" \/>\n<meta name=\"twitter:card\" content=\"summary_large_image\" \/>\n<meta name=\"twitter:label1\" content=\"Written by\" \/>\n\t<meta name=\"twitter:data1\" content=\"C\u00e9dric EHRHART\" \/>\n\t<meta name=\"twitter:label2\" content=\"Est. reading time\" \/>\n\t<meta name=\"twitter:data2\" content=\"9 minutes\" \/>\n<script type=\"application\/ld+json\" class=\"yoast-schema-graph\">{\"@context\":\"https:\/\/schema.org\",\"@graph\":[{\"@type\":\"Article\",\"@id\":\"https:\/\/www.pronal.com\/en\/retour-sur-la-visite-du-premier-ministre-edouard-philippe-chez-pronal\/#article\",\"isPartOf\":{\"@id\":\"https:\/\/www.pronal.com\/en\/retour-sur-la-visite-du-premier-ministre-edouard-philippe-chez-pronal\/\"},\"author\":{\"name\":\"C\u00e9dric EHRHART\",\"@id\":\"https:\/\/www.pronal.com\/en\/#\/schema\/person\/9cf5403494db4ae2f06227268211ceb8\"},\"headline\":\"Retour sur la visite du Premier Ministre Edouard Philippe chez Pronal\u2026\",\"datePublished\":\"2018-04-04T12:44:05+00:00\",\"dateModified\":\"2020-09-09T12:56:02+00:00\",\"mainEntityOfPage\":{\"@id\":\"https:\/\/www.pronal.com\/en\/retour-sur-la-visite-du-premier-ministre-edouard-philippe-chez-pronal\/\"},\"wordCount\":1731,\"publisher\":{\"@id\":\"https:\/\/www.pronal.com\/en\/#organization\"},\"image\":{\"@id\":\"https:\/\/www.pronal.com\/en\/retour-sur-la-visite-du-premier-ministre-edouard-philippe-chez-pronal\/#primaryimage\"},\"thumbnailUrl\":\"https:\/\/www.pronal.com\/wp-content\/uploads\/2018\/04\/PM3-1.jpg\",\"articleSection\":[\"Corporate life &amp; CSR\"],\"inLanguage\":\"en-US\"},{\"@type\":\"WebPage\",\"@id\":\"https:\/\/www.pronal.com\/en\/retour-sur-la-visite-du-premier-ministre-edouard-philippe-chez-pronal\/\",\"url\":\"https:\/\/www.pronal.com\/en\/retour-sur-la-visite-du-premier-ministre-edouard-philippe-chez-pronal\/\",\"name\":\"Retour sur la visite du Premier Ministre Edouard Philippe | Pronal\",\"isPartOf\":{\"@id\":\"https:\/\/www.pronal.com\/en\/#website\"},\"primaryImageOfPage\":{\"@id\":\"https:\/\/www.pronal.com\/en\/retour-sur-la-visite-du-premier-ministre-edouard-philippe-chez-pronal\/#primaryimage\"},\"image\":{\"@id\":\"https:\/\/www.pronal.com\/en\/retour-sur-la-visite-du-premier-ministre-edouard-philippe-chez-pronal\/#primaryimage\"},\"thumbnailUrl\":\"https:\/\/www.pronal.com\/wp-content\/uploads\/2018\/04\/PM3-1.jpg\",\"datePublished\":\"2018-04-04T12:44:05+00:00\",\"dateModified\":\"2020-09-09T12:56:02+00:00\",\"description\":\"Il y a 1 mois, Monsieur le Premier Ministre Edouard Philippe poussait les portes de notre entreprise. Retour sur cet \u00e9v\u00e9nement !\",\"inLanguage\":\"en-US\",\"potentialAction\":[{\"@type\":\"ReadAction\",\"target\":[\"https:\/\/www.pronal.com\/en\/retour-sur-la-visite-du-premier-ministre-edouard-philippe-chez-pronal\/\"]}]},{\"@type\":\"ImageObject\",\"inLanguage\":\"en-US\",\"@id\":\"https:\/\/www.pronal.com\/en\/retour-sur-la-visite-du-premier-ministre-edouard-philippe-chez-pronal\/#primaryimage\",\"url\":\"https:\/\/www.pronal.com\/wp-content\/uploads\/2018\/04\/PM3-1.jpg\",\"contentUrl\":\"https:\/\/www.pronal.com\/wp-content\/uploads\/2018\/04\/PM3-1.jpg\",\"width\":930,\"height\":400,\"caption\":\"Monsieur le Premier Ministre Edouard Philippe chez Pronal\"},{\"@type\":\"WebSite\",\"@id\":\"https:\/\/www.pronal.com\/en\/#website\",\"url\":\"https:\/\/www.pronal.com\/en\/\",\"name\":\"Pronal - Conception et fabrication de structure flexible\",\"description\":\"Pronal - Conception et fabrication de structure flexible\",\"publisher\":{\"@id\":\"https:\/\/www.pronal.com\/en\/#organization\"},\"potentialAction\":[{\"@type\":\"SearchAction\",\"target\":{\"@type\":\"EntryPoint\",\"urlTemplate\":\"https:\/\/www.pronal.com\/en\/?s={search_term_string}\"},\"query-input\":{\"@type\":\"PropertyValueSpecification\",\"valueRequired\":true,\"valueName\":\"search_term_string\"}}],\"inLanguage\":\"en-US\"},{\"@type\":\"Organization\",\"@id\":\"https:\/\/www.pronal.com\/en\/#organization\",\"name\":\"Pronal\",\"url\":\"https:\/\/www.pronal.com\/en\/\",\"logo\":{\"@type\":\"ImageObject\",\"inLanguage\":\"en-US\",\"@id\":\"https:\/\/www.pronal.com\/en\/#\/schema\/logo\/image\/\",\"url\":\"https:\/\/www.pronal.com\/wp-content\/uploads\/2019\/06\/logo-pronal.png\",\"contentUrl\":\"https:\/\/www.pronal.com\/wp-content\/uploads\/2019\/06\/logo-pronal.png\",\"width\":504,\"height\":80,\"caption\":\"Pronal\"},\"image\":{\"@id\":\"https:\/\/www.pronal.com\/en\/#\/schema\/logo\/image\/\"}},{\"@type\":\"Person\",\"@id\":\"https:\/\/www.pronal.com\/en\/#\/schema\/person\/9cf5403494db4ae2f06227268211ceb8\",\"name\":\"C\u00e9dric EHRHART\",\"image\":{\"@type\":\"ImageObject\",\"inLanguage\":\"en-US\",\"@id\":\"https:\/\/www.pronal.com\/en\/#\/schema\/person\/image\/\",\"url\":\"https:\/\/secure.gravatar.com\/avatar\/bc2bdf5c6dc15cb32764174b53fa18410d5701d77251df69dbe1b61622e70e9d?s=96&d=identicon&r=g\",\"contentUrl\":\"https:\/\/secure.gravatar.com\/avatar\/bc2bdf5c6dc15cb32764174b53fa18410d5701d77251df69dbe1b61622e70e9d?s=96&d=identicon&r=g\",\"caption\":\"C\u00e9dric EHRHART\"}}]}<\/script>\n<!-- \/ Yoast SEO plugin. -->","yoast_head_json":{"title":"Retour sur la visite du Premier Ministre Edouard Philippe | Pronal","description":"Il y a 1 mois, Monsieur le Premier Ministre Edouard Philippe poussait les portes de notre entreprise. Retour sur cet \u00e9v\u00e9nement !","robots":{"index":"index","follow":"follow","max-snippet":"max-snippet:-1","max-image-preview":"max-image-preview:large","max-video-preview":"max-video-preview:-1"},"canonical":"https:\/\/www.pronal.com\/en\/retour-sur-la-visite-du-premier-ministre-edouard-philippe-chez-pronal\/","og_locale":"en_US","og_type":"article","og_title":"Retour sur la visite du Premier Ministre Edouard Philippe | Pronal","og_description":"Il y a 1 mois, Monsieur le Premier Ministre Edouard Philippe poussait les portes de notre entreprise. Retour sur cet \u00e9v\u00e9nement !","og_url":"https:\/\/www.pronal.com\/en\/retour-sur-la-visite-du-premier-ministre-edouard-philippe-chez-pronal\/","og_site_name":"Pronal - Conception et fabrication de structure flexible","article_published_time":"2018-04-04T12:44:05+00:00","article_modified_time":"2020-09-09T12:56:02+00:00","og_image":[{"width":930,"height":400,"url":"https:\/\/www.pronal.com\/wp-content\/uploads\/2018\/04\/PM3-1.jpg","type":"image\/jpeg"}],"author":"C\u00e9dric EHRHART","twitter_card":"summary_large_image","twitter_misc":{"Written by":"C\u00e9dric EHRHART","Est. reading time":"9 minutes"},"schema":{"@context":"https:\/\/schema.org","@graph":[{"@type":"Article","@id":"https:\/\/www.pronal.com\/en\/retour-sur-la-visite-du-premier-ministre-edouard-philippe-chez-pronal\/#article","isPartOf":{"@id":"https:\/\/www.pronal.com\/en\/retour-sur-la-visite-du-premier-ministre-edouard-philippe-chez-pronal\/"},"author":{"name":"C\u00e9dric EHRHART","@id":"https:\/\/www.pronal.com\/en\/#\/schema\/person\/9cf5403494db4ae2f06227268211ceb8"},"headline":"Retour sur la visite du Premier Ministre Edouard Philippe chez Pronal\u2026","datePublished":"2018-04-04T12:44:05+00:00","dateModified":"2020-09-09T12:56:02+00:00","mainEntityOfPage":{"@id":"https:\/\/www.pronal.com\/en\/retour-sur-la-visite-du-premier-ministre-edouard-philippe-chez-pronal\/"},"wordCount":1731,"publisher":{"@id":"https:\/\/www.pronal.com\/en\/#organization"},"image":{"@id":"https:\/\/www.pronal.com\/en\/retour-sur-la-visite-du-premier-ministre-edouard-philippe-chez-pronal\/#primaryimage"},"thumbnailUrl":"https:\/\/www.pronal.com\/wp-content\/uploads\/2018\/04\/PM3-1.jpg","articleSection":["Corporate life &amp; CSR"],"inLanguage":"en-US"},{"@type":"WebPage","@id":"https:\/\/www.pronal.com\/en\/retour-sur-la-visite-du-premier-ministre-edouard-philippe-chez-pronal\/","url":"https:\/\/www.pronal.com\/en\/retour-sur-la-visite-du-premier-ministre-edouard-philippe-chez-pronal\/","name":"Retour sur la visite du Premier Ministre Edouard Philippe | Pronal","isPartOf":{"@id":"https:\/\/www.pronal.com\/en\/#website"},"primaryImageOfPage":{"@id":"https:\/\/www.pronal.com\/en\/retour-sur-la-visite-du-premier-ministre-edouard-philippe-chez-pronal\/#primaryimage"},"image":{"@id":"https:\/\/www.pronal.com\/en\/retour-sur-la-visite-du-premier-ministre-edouard-philippe-chez-pronal\/#primaryimage"},"thumbnailUrl":"https:\/\/www.pronal.com\/wp-content\/uploads\/2018\/04\/PM3-1.jpg","datePublished":"2018-04-04T12:44:05+00:00","dateModified":"2020-09-09T12:56:02+00:00","description":"Il y a 1 mois, Monsieur le Premier Ministre Edouard Philippe poussait les portes de notre entreprise. Retour sur cet \u00e9v\u00e9nement !","inLanguage":"en-US","potentialAction":[{"@type":"ReadAction","target":["https:\/\/www.pronal.com\/en\/retour-sur-la-visite-du-premier-ministre-edouard-philippe-chez-pronal\/"]}]},{"@type":"ImageObject","inLanguage":"en-US","@id":"https:\/\/www.pronal.com\/en\/retour-sur-la-visite-du-premier-ministre-edouard-philippe-chez-pronal\/#primaryimage","url":"https:\/\/www.pronal.com\/wp-content\/uploads\/2018\/04\/PM3-1.jpg","contentUrl":"https:\/\/www.pronal.com\/wp-content\/uploads\/2018\/04\/PM3-1.jpg","width":930,"height":400,"caption":"Monsieur le Premier Ministre Edouard Philippe chez Pronal"},{"@type":"WebSite","@id":"https:\/\/www.pronal.com\/en\/#website","url":"https:\/\/www.pronal.com\/en\/","name":"Pronal - Conception et fabrication de structure flexible","description":"Pronal - Conception et fabrication de structure flexible","publisher":{"@id":"https:\/\/www.pronal.com\/en\/#organization"},"potentialAction":[{"@type":"SearchAction","target":{"@type":"EntryPoint","urlTemplate":"https:\/\/www.pronal.com\/en\/?s={search_term_string}"},"query-input":{"@type":"PropertyValueSpecification","valueRequired":true,"valueName":"search_term_string"}}],"inLanguage":"en-US"},{"@type":"Organization","@id":"https:\/\/www.pronal.com\/en\/#organization","name":"Pronal","url":"https:\/\/www.pronal.com\/en\/","logo":{"@type":"ImageObject","inLanguage":"en-US","@id":"https:\/\/www.pronal.com\/en\/#\/schema\/logo\/image\/","url":"https:\/\/www.pronal.com\/wp-content\/uploads\/2019\/06\/logo-pronal.png","contentUrl":"https:\/\/www.pronal.com\/wp-content\/uploads\/2019\/06\/logo-pronal.png","width":504,"height":80,"caption":"Pronal"},"image":{"@id":"https:\/\/www.pronal.com\/en\/#\/schema\/logo\/image\/"}},{"@type":"Person","@id":"https:\/\/www.pronal.com\/en\/#\/schema\/person\/9cf5403494db4ae2f06227268211ceb8","name":"C\u00e9dric EHRHART","image":{"@type":"ImageObject","inLanguage":"en-US","@id":"https:\/\/www.pronal.com\/en\/#\/schema\/person\/image\/","url":"https:\/\/secure.gravatar.com\/avatar\/bc2bdf5c6dc15cb32764174b53fa18410d5701d77251df69dbe1b61622e70e9d?s=96&d=identicon&r=g","contentUrl":"https:\/\/secure.gravatar.com\/avatar\/bc2bdf5c6dc15cb32764174b53fa18410d5701d77251df69dbe1b61622e70e9d?s=96&d=identicon&r=g","caption":"C\u00e9dric EHRHART"}}]}},"_links":{"self":[{"href":"https:\/\/www.pronal.com\/en\/wp-json\/wp\/v2\/posts\/6884","targetHints":{"allow":["GET"]}}],"collection":[{"href":"https:\/\/www.pronal.com\/en\/wp-json\/wp\/v2\/posts"}],"about":[{"href":"https:\/\/www.pronal.com\/en\/wp-json\/wp\/v2\/types\/post"}],"author":[{"embeddable":true,"href":"https:\/\/www.pronal.com\/en\/wp-json\/wp\/v2\/users\/3"}],"replies":[{"embeddable":true,"href":"https:\/\/www.pronal.com\/en\/wp-json\/wp\/v2\/comments?post=6884"}],"version-history":[{"count":5,"href":"https:\/\/www.pronal.com\/en\/wp-json\/wp\/v2\/posts\/6884\/revisions"}],"predecessor-version":[{"id":10816,"href":"https:\/\/www.pronal.com\/en\/wp-json\/wp\/v2\/posts\/6884\/revisions\/10816"}],"wp:featuredmedia":[{"embeddable":true,"href":"https:\/\/www.pronal.com\/en\/wp-json\/wp\/v2\/media\/6880"}],"wp:attachment":[{"href":"https:\/\/www.pronal.com\/en\/wp-json\/wp\/v2\/media?parent=6884"}],"wp:term":[{"taxonomy":"category","embeddable":true,"href":"https:\/\/www.pronal.com\/en\/wp-json\/wp\/v2\/categories?post=6884"},{"taxonomy":"post_tag","embeddable":true,"href":"https:\/\/www.pronal.com\/en\/wp-json\/wp\/v2\/tags?post=6884"}],"curies":[{"name":"wp","href":"https:\/\/api.w.org\/{rel}","templated":true}]}}