{"id":36999,"date":"2026-04-27T12:04:03","date_gmt":"2026-04-27T10:04:03","guid":{"rendered":"https:\/\/www.pronal.com\/?p=36999"},"modified":"2026-04-27T12:04:04","modified_gmt":"2026-04-27T10:04:04","slug":"recuperation-stockage-eau","status":"publish","type":"post","link":"https:\/\/www.pronal.com\/es\/recuperation-stockage-eau\/","title":{"rendered":"\u00bfC\u00f3mo recolectar y almacenar agua?"},"content":{"rendered":"<div class=\"wpb-content-wrapper\"><p>[vc_row][vc_column css_animation=\u00bbfadeInDown\u00bb][vc_column_text css=\u00bb\u00bb]<\/p>\n<p data-start=\"0\" data-end=\"314\">La gesti\u00f3n del agua se ha convertido hoy en un <strong>desaf\u00edo clave para las empresas y las administraciones p\u00fablicas.<\/strong> Entre el <strong>cambio clim\u00e1tico, la escasez de recursos y la evoluci\u00f3n de las normativas,<\/strong> los equilibrios est\u00e1n cambiando r\u00e1pidamente. En este contexto, asegurar el suministro de agua se vuelve una <strong>prioridad.<\/strong><\/p>\n<p data-start=\"316\" data-end=\"488\" data-is-last-node=\"\" data-is-only-node=\"\">La <a href=\"https:\/\/www.pronal.com\/es\/produit\/cisternas-flexibles-de-almacenamiento\/almacenamiento-de-agua-cruda\/cisterna-flexible-de-almacenamiento-de-agua-2\/\"><strong>recuperaci\u00f3n y el almacenamiento de agua<\/strong><\/a> se presentan como soluciones concretas y eficaces para reducir la dependencia de las redes, al tiempo que se optimizan los usos.<\/p>\n<p>[\/vc_column_text][\/vc_column][\/vc_row][vc_row][vc_column css_animation=\u00bbfadeInDown\u00bb][vc_separator css=\u00bb\u00bb][\/vc_column][\/vc_row][vc_row][vc_column css_animation=\u00bbfadeInLeft\u00bb width=\u00bb1\/2&#8243;][vc_column_text css=\u00bb\u00bb]<\/p>\n<h2><strong>Una presi\u00f3n creciente sobre los recursos h\u00eddricos<\/strong><\/h2>\n<p>[\/vc_column_text][vc_column_text css=\u00bb\u00bb]<\/p>\n<p data-start=\"0\" data-end=\"292\">Desde hace varios a\u00f1os, los episodios de <strong>sequ\u00eda se multiplican<\/strong> y las<strong> restricciones de uso son cada vez m\u00e1s frecuentes,<\/strong> con un impacto directo en <a href=\"https:\/\/www.pronal.com\/es\/sectores-de-actividad-pronal\/\"><strong>numerosos sectores.<\/strong><\/a> Algunas actividades est\u00e1n especialmente expuestas, en particular cuando <strong>el agua es indispensable para el funcionamiento diario.<\/strong><\/p>\n<p data-start=\"294\" data-end=\"592\" data-is-last-node=\"\" data-is-only-node=\"\">En este contexto, depender \u00fanicamente de la red de agua potable constituye una limitaci\u00f3n. Se vuelve <strong>esencial anticipar<\/strong> estas restricciones diversificando las fuentes de suministro. Al mismo tiempo, las <strong>exigencias medioambientales<\/strong> impulsan a las organizaciones a adoptar pr\u00e1cticas m\u00e1s responsables.<\/p>\n<p>[\/vc_column_text][vc_empty_space][\/vc_column][vc_column css_animation=\u00bbfadeInDown\u00bb width=\u00bb1\/2&#8243;][vc_single_image image=\u00bb5118&#8243; img_size=\u00bb450&#215;350&#8243; alignment=\u00bbcenter\u00bb css=\u00bb\u00bb][\/vc_column][\/vc_row][vc_row][vc_column css_animation=\u00bbfadeInDown\u00bb][vc_separator css=\u00bb\u00bb][\/vc_column][\/vc_row][vc_row][vc_column css_animation=\u00bbfadeInDown\u00bb width=\u00bb1\/2&#8243;][vc_single_image image=\u00bb18254&#8243; img_size=\u00bb450&#215;350&#8243; alignment=\u00bbcenter\u00bb css=\u00bb\u00bb][\/vc_column][vc_column css_animation=\u00bbfadeInRight\u00bb width=\u00bb1\/2&#8243;][vc_empty_space height=\u00bb16px\u00bb][vc_column_text css=\u00bb\u00bb]<\/p>\n<h2 data-section-id=\"a3vxzf\" data-start=\"1467\" data-end=\"1531\"><strong>La recuperaci\u00f3n de agua de lluvia como palanca de autonom\u00eda<\/strong><\/h2>\n<p>[\/vc_column_text][vc_column_text css=\u00bb\u00bb]<\/p>\n<p data-start=\"0\" data-end=\"254\">La <a href=\"https:\/\/www.pronal.com\/es\/produit\/cisternas-flexibles-de-almacenamiento\/almacenamiento-de-agua-cruda\/cisterna-flexible-de-almacenamiento-de-agua-2\/\"><strong>recuperaci\u00f3n de agua de lluvia<\/strong><\/a> se basa en un principio simple : recolectar, almacenar y reutilizar un recurso disponible localmente. Permite cubrir <strong>numerosos usos no potables<\/strong>, como el <strong>riego o la limpieza<\/strong>, y tambi\u00e9n puede integrarse en ciertos procesos.<\/p>\n<p data-start=\"256\" data-end=\"508\" data-is-last-node=\"\" data-is-only-node=\"\">M\u00e1s all\u00e1 del ahorro, el inter\u00e9s es operativo. <strong>Disponer de una reserva permite mantener la actividad en caso de restricciones<\/strong> y garantizar una mejor continuidad. Este enfoque tambi\u00e9n valoriza un recurso local <strong>al tiempo que limita el uso de agua potable.<\/strong><\/p>\n<p>[\/vc_column_text][vc_empty_space][\/vc_column][\/vc_row][vc_row][vc_column css_animation=\u00bbfadeInDown\u00bb][vc_separator css=\u00bb\u00bb][\/vc_column][\/vc_row][vc_row][vc_column css_animation=\u00bbfadeInDown\u00bb][vc_column_text css=\u00bb\u00bb]<\/p>\n<h2 data-section-id=\"sq2iph\" data-start=\"2078\" data-end=\"2153\"><strong>Las cisternas flexibles, una soluci\u00f3n fiable y r\u00e1pida de implementar<\/strong><\/h2>\n<p>[\/vc_column_text][vc_column_text css=\u00bb\u00bb]<\/p>\n<p data-start=\"0\" data-end=\"266\">El <a href=\"https:\/\/www.pronal.com\/es\/categorias-de-productos\/cisternas-flexibles-de-almacenamiento\/\"><strong>almacenamiento de agua<\/strong> <\/a>desempe\u00f1a un papel central en la eficacia del sistema y constituye una respuesta sostenible frente a la presi\u00f3n sobre los recursos. <a href=\"https:\/\/www.pronal.com\/es\/categorias-de-productos\/cisternas-flexibles-de-almacenamiento\/\"><strong>Las cisternas flexibles<\/strong><\/a> se presentan como una soluci\u00f3n adecuada, tanto para un <strong>uso temporal como permanente.<\/strong><\/p>\n<p data-start=\"268\" data-end=\"489\">Su <strong>r\u00e1pida instalaci\u00f3n<\/strong>, sin necesidad de obras pesadas, facilita su despliegue en todo tipo de sitios. Garantizan una <strong>buena conservaci\u00f3n del agua al limitar la evaporaci\u00f3n y proteger el contenido de los elementos externos.<\/strong><\/p>\n<p data-start=\"491\" data-end=\"811\" data-is-last-node=\"\" data-is-only-node=\"\">Las <a href=\"https:\/\/www.pronal.com\/es\/categorias-de-productos\/cisternas-flexibles-de-almacenamiento\/\"><strong>cisternas flexibles Pronal<\/strong><\/a> responden a numerosos usos, <a href=\"https:\/\/www.pronal.com\/es\/produit\/cisternas-flexibles-de-almacenamiento\/almacenamiento-de-agua-cruda\/cisterna-flexible-de-almacenamiento-de-agua-2\/\"><strong>desde la recuperaci\u00f3n de agua de lluvia<\/strong><\/a> hasta <a href=\"https:\/\/www.pronal.com\/es\/produit\/flexible-storage-tanks\/raw-water\/reserva-de-agua-flexible-contra-incendios\/\"><strong>la reserva contra incendios<\/strong><\/a> o el <a href=\"https:\/\/www.pronal.com\/es\/produit\/flexible-storage-tanks\/raw-water\/cisterna-flexible-de-almacenamiento-de-agua\/\"><strong>almacenamiento de agua bruta.<\/strong><\/a> Su capacidad modulable y su flexibilidad permiten a las empresas y a las administraciones p\u00fablicas <strong>asegurar su suministro mientras controlan sus costes.<\/strong><\/p>\n<p data-start=\"2640\" data-end=\"2943\"><strong>\u00a0<\/strong><\/p>\n<p>[\/vc_column_text][\/vc_column][\/vc_row][vc_row][vc_column css_animation=\u00bbfadeInUp\u00bb][vc_separator css=\u00bb\u00bb][vc_column_text css=\u00bb\u00bb]<\/p>\n<p style=\"text-align: center;\" data-start=\"521\" data-end=\"624\" data-is-last-node=\"\" data-is-only-node=\"\"><a href=\"https:\/\/www.pronal.com\/es\/contacto-presupuesto-pronal\/\"><strong>\u00bfTiene un proyecto, una limitaci\u00f3n espec\u00edfica o una necesidad particular?<\/strong><\/a> Nuestros equipos est\u00e1n a su disposici\u00f3n para analizar su solicitud y ofrecerle una soluci\u00f3n adaptada a sus exigencias operativas.<\/p>\n<section class=\"text-token-text-primary w-full focus:outline-none [--shadow-height:45px] has-data-writing-block:pointer-events-none has-data-writing-block:-mt-(--shadow-height) has-data-writing-block:pt-(--shadow-height) [&amp;:has([data-writing-block])&gt;*]:pointer-events-auto [content-visibility:auto] supports-[content-visibility:auto]:[contain-intrinsic-size:auto_100lvh] R6Vx5W_threadScrollVars scroll-mb-[calc(var(--scroll-root-safe-area-inset-bottom,0px)+var(--thread-response-height))] scroll-mt-[calc(var(--header-height)+min(200px,max(70px,20svh)))]\" dir=\"auto\" data-turn-id=\"request-WEB:09ff737a-8ea7-4f65-8a27-d91b8b7cafd7-24\" data-testid=\"conversation-turn-50\" data-scroll-anchor=\"false\" data-turn=\"assistant\">\n<div class=\"text-base my-auto mx-auto pb-10 [--thread-content-margin:var(--thread-content-margin-xs,calc(var(--spacing)*4))] @w-sm\/main:[--thread-content-margin:var(--thread-content-margin-sm,calc(var(--spacing)*6))] @w-lg\/main:[--thread-content-margin:var(--thread-content-margin-lg,calc(var(--spacing)*16))] px-(--thread-content-margin)\">\n<div class=\"[--thread-content-max-width:40rem] @w-lg\/main:[--thread-content-max-width:48rem] mx-auto max-w-(--thread-content-max-width) flex-1 group\/turn-messages focus-visible:outline-hidden relative flex w-full min-w-0 flex-col agent-turn\">\n<div class=\"flex max-w-full flex-col gap-4 grow\">\n<div class=\"min-h-8 text-message relative flex w-full flex-col items-end gap-2 text-start break-words whitespace-normal outline-none keyboard-focused:focus-ring [.text-message+&amp;]:mt-1\" dir=\"auto\" tabindex=\"0\" data-message-author-role=\"assistant\" data-message-id=\"f4fb3b2d-da3c-4b22-8800-34e9eddeee05\" data-message-model-slug=\"gpt-5-3\" data-turn-start-message=\"true\">\n<div class=\"flex w-full flex-col gap-1 empty:hidden\">\n<div class=\"markdown prose dark:prose-invert w-full wrap-break-word light markdown-new-styling\">\n<p style=\"text-align: center;\" data-start=\"205\" data-end=\"302\" data-is-last-node=\"\" data-is-only-node=\"\"><a href=\"https:\/\/www.pronal.com\/es\/contacto-presupuesto-pronal\/\"><strong>Cont\u00e1ctenos<\/strong> <\/a>para continuar el intercambio y construir juntos soluciones eficientes y sostenibles.<\/p>\n<\/div>\n<\/div>\n<\/div>\n<\/div>\n<div class=\"z-0 flex min-h-[46px] justify-start\"><\/div>\n<\/div>\n<\/div>\n<\/section>\n<div class=\"pointer-events-none -mt-px h-px translate-y-[calc(var(--scroll-root-safe-area-inset-bottom)-14*var(--spacing))]\" aria-hidden=\"true\"><\/div>\n<p>[\/vc_column_text][\/vc_column][\/vc_row]<\/p>\n<\/div>","protected":false},"excerpt":{"rendered":"<p>[vc_row][vc_column css_animation=\u00bbfadeInDown\u00bb][vc_column_text css=\u00bb\u00bb] La gesti\u00f3n del agua se ha convertido hoy en un desaf\u00edo clave para las empresas y las administraciones p\u00fablicas. Entre el cambio clim\u00e1tico, la escasez de recursos&#8230;<\/p>\n","protected":false},"author":3,"featured_media":4829,"comment_status":"closed","ping_status":"closed","sticky":false,"template":"","format":"standard","meta":{"_acf_changed":false,"inline_featured_image":false,"footnotes":""},"categories":[484,19],"tags":[],"class_list":["post-36999","post","type-post","status-publish","format-standard","has-post-thumbnail","hentry","category-consejos-y-tutoriales","category-sin-categorizar"],"acf":[],"yoast_head":"<!-- This site is optimized with the Yoast SEO plugin v25.8 - https:\/\/yoast.com\/wordpress\/plugins\/seo\/ -->\n<title>\u00bfC\u00f3mo captar y almacenar agua?<\/title>\n<meta name=\"description\" content=\"Captaci\u00f3n y almacenamiento de agua para responder a los desaf\u00edos actuales y optimizar la gesti\u00f3n de sus recursos h\u00eddricos.\" \/>\n<meta name=\"robots\" content=\"index, follow, max-snippet:-1, max-image-preview:large, max-video-preview:-1\" \/>\n<link rel=\"canonical\" href=\"https:\/\/www.pronal.com\/es\/recuperation-stockage-eau\/\" \/>\n<meta property=\"og:locale\" content=\"es_ES\" \/>\n<meta property=\"og:type\" content=\"article\" \/>\n<meta property=\"og:title\" content=\"\u00bfC\u00f3mo captar y almacenar agua?\" \/>\n<meta property=\"og:description\" content=\"Captaci\u00f3n y almacenamiento de agua para responder a los desaf\u00edos actuales y optimizar la gesti\u00f3n de sus recursos h\u00eddricos.\" \/>\n<meta property=\"og:url\" content=\"https:\/\/www.pronal.com\/es\/recuperation-stockage-eau\/\" \/>\n<meta property=\"og:site_name\" content=\"Pronal - Conception et fabrication de structure flexible\" \/>\n<meta property=\"article:published_time\" content=\"2026-04-27T10:04:03+00:00\" \/>\n<meta property=\"article:modified_time\" content=\"2026-04-27T10:04:04+00:00\" \/>\n<meta property=\"og:image\" content=\"https:\/\/www.pronal.com\/wp-content\/uploads\/2019\/03\/citernes-incendies-hors-sol-2-1280x838.jpg\" \/>\n\t<meta property=\"og:image:width\" content=\"1280\" \/>\n\t<meta property=\"og:image:height\" content=\"838\" \/>\n\t<meta property=\"og:image:type\" content=\"image\/jpeg\" \/>\n<meta name=\"author\" content=\"C\u00e9dric EHRHART\" \/>\n<meta name=\"twitter:card\" content=\"summary_large_image\" \/>\n<meta name=\"twitter:label1\" content=\"Escrito por\" \/>\n\t<meta name=\"twitter:data1\" content=\"C\u00e9dric EHRHART\" \/>\n\t<meta name=\"twitter:label2\" content=\"Tiempo de lectura\" \/>\n\t<meta name=\"twitter:data2\" content=\"4 minutos\" \/>\n<script type=\"application\/ld+json\" class=\"yoast-schema-graph\">{\"@context\":\"https:\/\/schema.org\",\"@graph\":[{\"@type\":\"Article\",\"@id\":\"https:\/\/www.pronal.com\/es\/recuperation-stockage-eau\/#article\",\"isPartOf\":{\"@id\":\"https:\/\/www.pronal.com\/es\/recuperation-stockage-eau\/\"},\"author\":{\"name\":\"C\u00e9dric EHRHART\",\"@id\":\"https:\/\/www.pronal.com\/es\/#\/schema\/person\/9cf5403494db4ae2f06227268211ceb8\"},\"headline\":\"\u00bfC\u00f3mo recolectar y almacenar agua?\",\"datePublished\":\"2026-04-27T10:04:03+00:00\",\"dateModified\":\"2026-04-27T10:04:04+00:00\",\"mainEntityOfPage\":{\"@id\":\"https:\/\/www.pronal.com\/es\/recuperation-stockage-eau\/\"},\"wordCount\":684,\"publisher\":{\"@id\":\"https:\/\/www.pronal.com\/es\/#organization\"},\"image\":{\"@id\":\"https:\/\/www.pronal.com\/es\/recuperation-stockage-eau\/#primaryimage\"},\"thumbnailUrl\":\"https:\/\/www.pronal.com\/wp-content\/uploads\/2019\/03\/citernes-incendies-hors-sol-2.jpg\",\"articleSection\":[\"Consejos y Tutoriales\",\"TODAS\"],\"inLanguage\":\"es\"},{\"@type\":\"WebPage\",\"@id\":\"https:\/\/www.pronal.com\/es\/recuperation-stockage-eau\/\",\"url\":\"https:\/\/www.pronal.com\/es\/recuperation-stockage-eau\/\",\"name\":\"\u00bfC\u00f3mo captar y almacenar agua?\",\"isPartOf\":{\"@id\":\"https:\/\/www.pronal.com\/es\/#website\"},\"primaryImageOfPage\":{\"@id\":\"https:\/\/www.pronal.com\/es\/recuperation-stockage-eau\/#primaryimage\"},\"image\":{\"@id\":\"https:\/\/www.pronal.com\/es\/recuperation-stockage-eau\/#primaryimage\"},\"thumbnailUrl\":\"https:\/\/www.pronal.com\/wp-content\/uploads\/2019\/03\/citernes-incendies-hors-sol-2.jpg\",\"datePublished\":\"2026-04-27T10:04:03+00:00\",\"dateModified\":\"2026-04-27T10:04:04+00:00\",\"description\":\"Captaci\u00f3n y almacenamiento de agua para responder a los desaf\u00edos actuales y optimizar la gesti\u00f3n de sus recursos h\u00eddricos.\",\"inLanguage\":\"es\",\"potentialAction\":[{\"@type\":\"ReadAction\",\"target\":[\"https:\/\/www.pronal.com\/es\/recuperation-stockage-eau\/\"]}]},{\"@type\":\"ImageObject\",\"inLanguage\":\"es\",\"@id\":\"https:\/\/www.pronal.com\/es\/recuperation-stockage-eau\/#primaryimage\",\"url\":\"https:\/\/www.pronal.com\/wp-content\/uploads\/2019\/03\/citernes-incendies-hors-sol-2.jpg\",\"contentUrl\":\"https:\/\/www.pronal.com\/wp-content\/uploads\/2019\/03\/citernes-incendies-hors-sol-2.jpg\",\"width\":4288,\"height\":2808,\"caption\":\"OLYMPUS DIGITAL CAMERA\"},{\"@type\":\"WebSite\",\"@id\":\"https:\/\/www.pronal.com\/es\/#website\",\"url\":\"https:\/\/www.pronal.com\/es\/\",\"name\":\"Pronal - Conception et fabrication de structure flexible\",\"description\":\"Pronal - Conception et fabrication de structure flexible\",\"publisher\":{\"@id\":\"https:\/\/www.pronal.com\/es\/#organization\"},\"potentialAction\":[{\"@type\":\"SearchAction\",\"target\":{\"@type\":\"EntryPoint\",\"urlTemplate\":\"https:\/\/www.pronal.com\/es\/?s={search_term_string}\"},\"query-input\":{\"@type\":\"PropertyValueSpecification\",\"valueRequired\":true,\"valueName\":\"search_term_string\"}}],\"inLanguage\":\"es\"},{\"@type\":\"Organization\",\"@id\":\"https:\/\/www.pronal.com\/es\/#organization\",\"name\":\"Pronal\",\"url\":\"https:\/\/www.pronal.com\/es\/\",\"logo\":{\"@type\":\"ImageObject\",\"inLanguage\":\"es\",\"@id\":\"https:\/\/www.pronal.com\/es\/#\/schema\/logo\/image\/\",\"url\":\"https:\/\/www.pronal.com\/wp-content\/uploads\/2019\/06\/logo-pronal.png\",\"contentUrl\":\"https:\/\/www.pronal.com\/wp-content\/uploads\/2019\/06\/logo-pronal.png\",\"width\":504,\"height\":80,\"caption\":\"Pronal\"},\"image\":{\"@id\":\"https:\/\/www.pronal.com\/es\/#\/schema\/logo\/image\/\"}},{\"@type\":\"Person\",\"@id\":\"https:\/\/www.pronal.com\/es\/#\/schema\/person\/9cf5403494db4ae2f06227268211ceb8\",\"name\":\"C\u00e9dric EHRHART\",\"image\":{\"@type\":\"ImageObject\",\"inLanguage\":\"es\",\"@id\":\"https:\/\/www.pronal.com\/es\/#\/schema\/person\/image\/\",\"url\":\"https:\/\/secure.gravatar.com\/avatar\/bc2bdf5c6dc15cb32764174b53fa18410d5701d77251df69dbe1b61622e70e9d?s=96&d=identicon&r=g\",\"contentUrl\":\"https:\/\/secure.gravatar.com\/avatar\/bc2bdf5c6dc15cb32764174b53fa18410d5701d77251df69dbe1b61622e70e9d?s=96&d=identicon&r=g\",\"caption\":\"C\u00e9dric EHRHART\"}}]}<\/script>\n<!-- \/ Yoast SEO plugin. -->","yoast_head_json":{"title":"\u00bfC\u00f3mo captar y almacenar agua?","description":"Captaci\u00f3n y almacenamiento de agua para responder a los desaf\u00edos actuales y optimizar la gesti\u00f3n de sus recursos h\u00eddricos.","robots":{"index":"index","follow":"follow","max-snippet":"max-snippet:-1","max-image-preview":"max-image-preview:large","max-video-preview":"max-video-preview:-1"},"canonical":"https:\/\/www.pronal.com\/es\/recuperation-stockage-eau\/","og_locale":"es_ES","og_type":"article","og_title":"\u00bfC\u00f3mo captar y almacenar agua?","og_description":"Captaci\u00f3n y almacenamiento de agua para responder a los desaf\u00edos actuales y optimizar la gesti\u00f3n de sus recursos h\u00eddricos.","og_url":"https:\/\/www.pronal.com\/es\/recuperation-stockage-eau\/","og_site_name":"Pronal - Conception et fabrication de structure flexible","article_published_time":"2026-04-27T10:04:03+00:00","article_modified_time":"2026-04-27T10:04:04+00:00","og_image":[{"width":1280,"height":838,"url":"https:\/\/www.pronal.com\/wp-content\/uploads\/2019\/03\/citernes-incendies-hors-sol-2-1280x838.jpg","type":"image\/jpeg"}],"author":"C\u00e9dric EHRHART","twitter_card":"summary_large_image","twitter_misc":{"Escrito por":"C\u00e9dric EHRHART","Tiempo de lectura":"4 minutos"},"schema":{"@context":"https:\/\/schema.org","@graph":[{"@type":"Article","@id":"https:\/\/www.pronal.com\/es\/recuperation-stockage-eau\/#article","isPartOf":{"@id":"https:\/\/www.pronal.com\/es\/recuperation-stockage-eau\/"},"author":{"name":"C\u00e9dric EHRHART","@id":"https:\/\/www.pronal.com\/es\/#\/schema\/person\/9cf5403494db4ae2f06227268211ceb8"},"headline":"\u00bfC\u00f3mo recolectar y almacenar agua?","datePublished":"2026-04-27T10:04:03+00:00","dateModified":"2026-04-27T10:04:04+00:00","mainEntityOfPage":{"@id":"https:\/\/www.pronal.com\/es\/recuperation-stockage-eau\/"},"wordCount":684,"publisher":{"@id":"https:\/\/www.pronal.com\/es\/#organization"},"image":{"@id":"https:\/\/www.pronal.com\/es\/recuperation-stockage-eau\/#primaryimage"},"thumbnailUrl":"https:\/\/www.pronal.com\/wp-content\/uploads\/2019\/03\/citernes-incendies-hors-sol-2.jpg","articleSection":["Consejos y Tutoriales","TODAS"],"inLanguage":"es"},{"@type":"WebPage","@id":"https:\/\/www.pronal.com\/es\/recuperation-stockage-eau\/","url":"https:\/\/www.pronal.com\/es\/recuperation-stockage-eau\/","name":"\u00bfC\u00f3mo captar y almacenar agua?","isPartOf":{"@id":"https:\/\/www.pronal.com\/es\/#website"},"primaryImageOfPage":{"@id":"https:\/\/www.pronal.com\/es\/recuperation-stockage-eau\/#primaryimage"},"image":{"@id":"https:\/\/www.pronal.com\/es\/recuperation-stockage-eau\/#primaryimage"},"thumbnailUrl":"https:\/\/www.pronal.com\/wp-content\/uploads\/2019\/03\/citernes-incendies-hors-sol-2.jpg","datePublished":"2026-04-27T10:04:03+00:00","dateModified":"2026-04-27T10:04:04+00:00","description":"Captaci\u00f3n y almacenamiento de agua para responder a los desaf\u00edos actuales y optimizar la gesti\u00f3n de sus recursos h\u00eddricos.","inLanguage":"es","potentialAction":[{"@type":"ReadAction","target":["https:\/\/www.pronal.com\/es\/recuperation-stockage-eau\/"]}]},{"@type":"ImageObject","inLanguage":"es","@id":"https:\/\/www.pronal.com\/es\/recuperation-stockage-eau\/#primaryimage","url":"https:\/\/www.pronal.com\/wp-content\/uploads\/2019\/03\/citernes-incendies-hors-sol-2.jpg","contentUrl":"https:\/\/www.pronal.com\/wp-content\/uploads\/2019\/03\/citernes-incendies-hors-sol-2.jpg","width":4288,"height":2808,"caption":"OLYMPUS DIGITAL CAMERA"},{"@type":"WebSite","@id":"https:\/\/www.pronal.com\/es\/#website","url":"https:\/\/www.pronal.com\/es\/","name":"Pronal - Conception et fabrication de structure flexible","description":"Pronal - Conception et fabrication de structure flexible","publisher":{"@id":"https:\/\/www.pronal.com\/es\/#organization"},"potentialAction":[{"@type":"SearchAction","target":{"@type":"EntryPoint","urlTemplate":"https:\/\/www.pronal.com\/es\/?s={search_term_string}"},"query-input":{"@type":"PropertyValueSpecification","valueRequired":true,"valueName":"search_term_string"}}],"inLanguage":"es"},{"@type":"Organization","@id":"https:\/\/www.pronal.com\/es\/#organization","name":"Pronal","url":"https:\/\/www.pronal.com\/es\/","logo":{"@type":"ImageObject","inLanguage":"es","@id":"https:\/\/www.pronal.com\/es\/#\/schema\/logo\/image\/","url":"https:\/\/www.pronal.com\/wp-content\/uploads\/2019\/06\/logo-pronal.png","contentUrl":"https:\/\/www.pronal.com\/wp-content\/uploads\/2019\/06\/logo-pronal.png","width":504,"height":80,"caption":"Pronal"},"image":{"@id":"https:\/\/www.pronal.com\/es\/#\/schema\/logo\/image\/"}},{"@type":"Person","@id":"https:\/\/www.pronal.com\/es\/#\/schema\/person\/9cf5403494db4ae2f06227268211ceb8","name":"C\u00e9dric EHRHART","image":{"@type":"ImageObject","inLanguage":"es","@id":"https:\/\/www.pronal.com\/es\/#\/schema\/person\/image\/","url":"https:\/\/secure.gravatar.com\/avatar\/bc2bdf5c6dc15cb32764174b53fa18410d5701d77251df69dbe1b61622e70e9d?s=96&d=identicon&r=g","contentUrl":"https:\/\/secure.gravatar.com\/avatar\/bc2bdf5c6dc15cb32764174b53fa18410d5701d77251df69dbe1b61622e70e9d?s=96&d=identicon&r=g","caption":"C\u00e9dric EHRHART"}}]}},"_links":{"self":[{"href":"https:\/\/www.pronal.com\/es\/wp-json\/wp\/v2\/posts\/36999","targetHints":{"allow":["GET"]}}],"collection":[{"href":"https:\/\/www.pronal.com\/es\/wp-json\/wp\/v2\/posts"}],"about":[{"href":"https:\/\/www.pronal.com\/es\/wp-json\/wp\/v2\/types\/post"}],"author":[{"embeddable":true,"href":"https:\/\/www.pronal.com\/es\/wp-json\/wp\/v2\/users\/3"}],"replies":[{"embeddable":true,"href":"https:\/\/www.pronal.com\/es\/wp-json\/wp\/v2\/comments?post=36999"}],"version-history":[{"count":2,"href":"https:\/\/www.pronal.com\/es\/wp-json\/wp\/v2\/posts\/36999\/revisions"}],"predecessor-version":[{"id":37003,"href":"https:\/\/www.pronal.com\/es\/wp-json\/wp\/v2\/posts\/36999\/revisions\/37003"}],"wp:featuredmedia":[{"embeddable":true,"href":"https:\/\/www.pronal.com\/es\/wp-json\/wp\/v2\/media\/4829"}],"wp:attachment":[{"href":"https:\/\/www.pronal.com\/es\/wp-json\/wp\/v2\/media?parent=36999"}],"wp:term":[{"taxonomy":"category","embeddable":true,"href":"https:\/\/www.pronal.com\/es\/wp-json\/wp\/v2\/categories?post=36999"},{"taxonomy":"post_tag","embeddable":true,"href":"https:\/\/www.pronal.com\/es\/wp-json\/wp\/v2\/tags?post=36999"}],"curies":[{"name":"wp","href":"https:\/\/api.w.org\/{rel}","templated":true}]}}